{"id":1703,"date":"2018-06-15T14:52:42","date_gmt":"2018-06-15T14:52:42","guid":{"rendered":"https:\/\/www.stoelting-gruppe.de\/?p=1703"},"modified":"2018-06-15T14:52:42","modified_gmt":"2018-06-15T14:52:42","slug":"reges-interesse-am-neuen-standort-der-hauptverwaltung-auf-graf-bismarck","status":"publish","type":"post","link":"https:\/\/www.stoelting-gruppe.de\/en\/2018\/06\/15\/reges-interesse-am-neuen-standort-der-hauptverwaltung-auf-graf-bismarck\/","title":{"rendered":"Lively interest in the new location of the head office on Graf Bismarck"},"content":{"rendered":"<p><em>St\u00f6lting Harbour introduced itself and its tenants to the press on 15 June 2018.<\/em><\/p>\n<p>The St\u00f6lting Service Group is setting new standards once again.<\/p>\n<p>The imposing St\u00f6lting Service Group building on Johannes-Rau-Allee, constructed with an investment of \u20ac25 million, will dominate the overall appearance of the new Graf Bismarck headquarters once it is completed.<\/p>\n<p>\u201eOf course, we are proud and extremely pleased that construction is proceeding so smoothly and quickly. We would like to take this opportunity to express our sincere thanks to everyone involved and our employees,\u201c says Managing Director Sebastian Mosbacher.<br \/>\nFollowing the topping-out ceremony in October 2017, the St\u00f6lting Service Group's head office moved into its new premises.<br \/>\nThe first tenants, employees of Hunkem\u00f6ller's German headquarters, followed at the beginning of June 2018.<\/p>\n<p>But other tenants are also moving in.<br \/>\nChristian Zipper is opening a bakery\/caf\u00e9 and Gelateria La Luna, an ice cream parlour, on the ground floor. Both will open at the beginning of July 2018.<br \/>\nThe steakhouse \u201eRuhrkind\u201c and the Italian restaurant \u201ePurino\u201c will follow in late summer.<\/p>\n<p>This offering is enhanced by attractive outdoor dining in the 107-metre-long arcade and on the harbour square in front of it.<br \/>\nIn addition, St\u00f6lting Marina will be opening this summer with 60 berths. This, together with the high-quality gastronomic offerings, is sure to have an impact on the harbour promenade and attract many visitors to the location.<\/p>\n<p>\u201eOur vision has become reality. Not only for us, but also for the people of Gelsenkirchen, this creates added value that will benefit generations to come,\u201c says Managing Director Sebastian Mosbacher.<\/p>\n<p>Finally, we would like to draw your attention to the harbour festival taking place from 24 to 26 August 2018 as the opening event.<br \/>\nAll three days will feature numerous show acts, live music, a food festival, canoe races and much more.<\/p>","protected":false},"excerpt":{"rendered":"<p>St\u00f6lting Harbor stellte sich und seine Mieter am 15.06.2018 der Presse vor. Die St\u00f6lting Service Group setzt wieder einmal Ma\u00dfst\u00e4be. Das mit einer Investition von 25 Millionen Euro erbaute imposante Geb\u00e4ude der St\u00f6lting Service Group an der Johannes-Rau-Allee wird das Gesamtbild des neuen Standquartiers Graf Bismarck nach Fertigstellung pr\u00e4gen. \u201eNat\u00fcrlich sind wir Stolz und \u00e4u\u00dferst [&hellip;]<\/p>","protected":false},"author":10,"featured_media":1701,"comment_status":"closed","ping_status":"closed","sticky":false,"template":"","format":"standard","meta":{"_acf_changed":false,"footnotes":""},"categories":[4],"tags":[],"class_list":["post-1703","post","type-post","status-publish","format-standard","has-post-thumbnail","hentry","category-news"],"acf":[],"yoast_head":"<!-- This site is optimized with the Yoast SEO plugin v26.8 - https:\/\/yoast.com\/product\/yoast-seo-wordpress\/ -->\n<title>St\u00f6lting Service Group &#8211; Reges Interesse am neuen Standort der Hauptverwaltung auf Graf Bismarck<\/title>\n<meta name=\"robots\" content=\"index, follow, max-snippet:-1, max-image-preview:large, max-video-preview:-1\" \/>\n<link rel=\"canonical\" href=\"https:\/\/www.stoelting-gruppe.de\/en\/2018\/06\/15\/reges-interesse-am-neuen-standort-der-hauptverwaltung-auf-graf-bismarck\/\" \/>\n<meta property=\"og:locale\" content=\"en_GB\" \/>\n<meta property=\"og:type\" content=\"article\" \/>\n<meta property=\"og:title\" content=\"St\u00f6lting Service Group &#8211; Reges Interesse am neuen Standort der Hauptverwaltung auf Graf Bismarck\" \/>\n<meta property=\"og:description\" content=\"St\u00f6lting Harbor stellte sich und seine Mieter am 15.06.2018 der Presse vor. Die St\u00f6lting Service Group setzt wieder einmal Ma\u00dfst\u00e4be. Das mit einer Investition von 25 Millionen Euro erbaute imposante Geb\u00e4ude der St\u00f6lting Service Group an der Johannes-Rau-Allee wird das Gesamtbild des neuen Standquartiers Graf Bismarck nach Fertigstellung pr\u00e4gen. \u201eNat\u00fcrlich sind wir Stolz und \u00e4u\u00dferst [&hellip;]\" \/>\n<meta property=\"og:url\" content=\"https:\/\/www.stoelting-gruppe.de\/en\/2018\/06\/15\/reges-interesse-am-neuen-standort-der-hauptverwaltung-auf-graf-bismarck\/\" \/>\n<meta property=\"og:site_name\" content=\"St\u00f6lting Service Group\" \/>\n<meta property=\"article:publisher\" content=\"https:\/\/www.facebook.com\/StoeltingServiceGroup\" \/>\n<meta property=\"article:published_time\" content=\"2018-06-15T14:52:42+00:00\" \/>\n<meta property=\"og:image\" content=\"https:\/\/www.stoelting-gruppe.de\/wp-content\/uploads\/2018\/06\/ORG_DSC03947.jpg\" \/>\n\t<meta property=\"og:image:width\" content=\"3976\" \/>\n\t<meta property=\"og:image:height\" content=\"2652\" \/>\n\t<meta property=\"og:image:type\" content=\"image\/jpeg\" \/>\n<meta name=\"author\" content=\"Stoelting\" \/>\n<meta name=\"twitter:card\" content=\"summary_large_image\" \/>\n<meta name=\"twitter:label1\" content=\"Written by\" \/>\n\t<meta name=\"twitter:data1\" content=\"Stoelting\" \/>\n\t<meta name=\"twitter:label2\" content=\"Estimated reading time\" \/>\n\t<meta name=\"twitter:data2\" content=\"1 minute\" \/>\n<script type=\"application\/ld+json\" class=\"yoast-schema-graph\">{\"@context\":\"https:\/\/schema.org\",\"@graph\":[{\"@type\":\"Article\",\"@id\":\"https:\/\/www.stoelting-gruppe.de\/2018\/06\/15\/reges-interesse-am-neuen-standort-der-hauptverwaltung-auf-graf-bismarck\/#article\",\"isPartOf\":{\"@id\":\"https:\/\/www.stoelting-gruppe.de\/2018\/06\/15\/reges-interesse-am-neuen-standort-der-hauptverwaltung-auf-graf-bismarck\/\"},\"author\":{\"name\":\"Stoelting\",\"@id\":\"https:\/\/www.stoelting-gruppe.de\/#\/schema\/person\/ad1ef2f20fb01278e1e630dd84768ff8\"},\"headline\":\"Reges Interesse am neuen Standort der Hauptverwaltung auf Graf Bismarck\",\"datePublished\":\"2018-06-15T14:52:42+00:00\",\"mainEntityOfPage\":{\"@id\":\"https:\/\/www.stoelting-gruppe.de\/2018\/06\/15\/reges-interesse-am-neuen-standort-der-hauptverwaltung-auf-graf-bismarck\/\"},\"wordCount\":300,\"publisher\":{\"@id\":\"https:\/\/www.stoelting-gruppe.de\/#organization\"},\"image\":{\"@id\":\"https:\/\/www.stoelting-gruppe.de\/2018\/06\/15\/reges-interesse-am-neuen-standort-der-hauptverwaltung-auf-graf-bismarck\/#primaryimage\"},\"thumbnailUrl\":\"https:\/\/www.stoelting-gruppe.de\/wp-content\/uploads\/2018\/06\/ORG_DSC03947.jpg\",\"articleSection\":[\"Aktuelles\"],\"inLanguage\":\"en-GB\"},{\"@type\":\"WebPage\",\"@id\":\"https:\/\/www.stoelting-gruppe.de\/2018\/06\/15\/reges-interesse-am-neuen-standort-der-hauptverwaltung-auf-graf-bismarck\/\",\"url\":\"https:\/\/www.stoelting-gruppe.de\/2018\/06\/15\/reges-interesse-am-neuen-standort-der-hauptverwaltung-auf-graf-bismarck\/\",\"name\":\"St\u00f6lting Service Group &#8211; Reges Interesse am neuen Standort der Hauptverwaltung auf Graf Bismarck\",\"isPartOf\":{\"@id\":\"https:\/\/www.stoelting-gruppe.de\/#website\"},\"primaryImageOfPage\":{\"@id\":\"https:\/\/www.stoelting-gruppe.de\/2018\/06\/15\/reges-interesse-am-neuen-standort-der-hauptverwaltung-auf-graf-bismarck\/#primaryimage\"},\"image\":{\"@id\":\"https:\/\/www.stoelting-gruppe.de\/2018\/06\/15\/reges-interesse-am-neuen-standort-der-hauptverwaltung-auf-graf-bismarck\/#primaryimage\"},\"thumbnailUrl\":\"https:\/\/www.stoelting-gruppe.de\/wp-content\/uploads\/2018\/06\/ORG_DSC03947.jpg\",\"datePublished\":\"2018-06-15T14:52:42+00:00\",\"breadcrumb\":{\"@id\":\"https:\/\/www.stoelting-gruppe.de\/2018\/06\/15\/reges-interesse-am-neuen-standort-der-hauptverwaltung-auf-graf-bismarck\/#breadcrumb\"},\"inLanguage\":\"en-GB\",\"potentialAction\":[{\"@type\":\"ReadAction\",\"target\":[\"https:\/\/www.stoelting-gruppe.de\/2018\/06\/15\/reges-interesse-am-neuen-standort-der-hauptverwaltung-auf-graf-bismarck\/\"]}]},{\"@type\":\"ImageObject\",\"inLanguage\":\"en-GB\",\"@id\":\"https:\/\/www.stoelting-gruppe.de\/2018\/06\/15\/reges-interesse-am-neuen-standort-der-hauptverwaltung-auf-graf-bismarck\/#primaryimage\",\"url\":\"https:\/\/www.stoelting-gruppe.de\/wp-content\/uploads\/2018\/06\/ORG_DSC03947.jpg\",\"contentUrl\":\"https:\/\/www.stoelting-gruppe.de\/wp-content\/uploads\/2018\/06\/ORG_DSC03947.jpg\",\"width\":3976,\"height\":2652},{\"@type\":\"BreadcrumbList\",\"@id\":\"https:\/\/www.stoelting-gruppe.de\/2018\/06\/15\/reges-interesse-am-neuen-standort-der-hauptverwaltung-auf-graf-bismarck\/#breadcrumb\",\"itemListElement\":[{\"@type\":\"ListItem\",\"position\":1,\"name\":\"Startseite\",\"item\":\"https:\/\/www.stoelting-gruppe.de\/\"},{\"@type\":\"ListItem\",\"position\":2,\"name\":\"Reges Interesse am neuen Standort der Hauptverwaltung auf Graf Bismarck\"}]},{\"@type\":\"WebSite\",\"@id\":\"https:\/\/www.stoelting-gruppe.de\/#website\",\"url\":\"https:\/\/www.stoelting-gruppe.de\/\",\"name\":\"St\u00f6lting Service Group\",\"description\":\"Wir machen. Seit 125 Jahren. Reinigung, Sicherheit, Personal\",\"publisher\":{\"@id\":\"https:\/\/www.stoelting-gruppe.de\/#organization\"},\"potentialAction\":[{\"@type\":\"SearchAction\",\"target\":{\"@type\":\"EntryPoint\",\"urlTemplate\":\"https:\/\/www.stoelting-gruppe.de\/?s={search_term_string}\"},\"query-input\":{\"@type\":\"PropertyValueSpecification\",\"valueRequired\":true,\"valueName\":\"search_term_string\"}}],\"inLanguage\":\"en-GB\"},{\"@type\":\"Organization\",\"@id\":\"https:\/\/www.stoelting-gruppe.de\/#organization\",\"name\":\"St\u00f6lting Service Group\",\"url\":\"https:\/\/www.stoelting-gruppe.de\/\",\"logo\":{\"@type\":\"ImageObject\",\"inLanguage\":\"en-GB\",\"@id\":\"https:\/\/www.stoelting-gruppe.de\/#\/schema\/logo\/image\/\",\"url\":\"https:\/\/www.stoelting-gruppe.de\/wp-content\/uploads\/2020\/12\/SSG-Logo.svg\",\"contentUrl\":\"https:\/\/www.stoelting-gruppe.de\/wp-content\/uploads\/2020\/12\/SSG-Logo.svg\",\"width\":426,\"height\":80,\"caption\":\"St\u00f6lting Service Group\"},\"image\":{\"@id\":\"https:\/\/www.stoelting-gruppe.de\/#\/schema\/logo\/image\/\"},\"sameAs\":[\"https:\/\/www.facebook.com\/StoeltingServiceGroup\"]},{\"@type\":\"Person\",\"@id\":\"https:\/\/www.stoelting-gruppe.de\/#\/schema\/person\/ad1ef2f20fb01278e1e630dd84768ff8\",\"name\":\"Stoelting\"}]}<\/script>\n<!-- \/ Yoast SEO plugin. -->","yoast_head_json":{"title":"St\u00f6lting Service Group &#8211; Reges Interesse am neuen Standort der Hauptverwaltung auf Graf Bismarck","robots":{"index":"index","follow":"follow","max-snippet":"max-snippet:-1","max-image-preview":"max-image-preview:large","max-video-preview":"max-video-preview:-1"},"canonical":"https:\/\/www.stoelting-gruppe.de\/en\/2018\/06\/15\/reges-interesse-am-neuen-standort-der-hauptverwaltung-auf-graf-bismarck\/","og_locale":"en_GB","og_type":"article","og_title":"St\u00f6lting Service Group &#8211; Reges Interesse am neuen Standort der Hauptverwaltung auf Graf Bismarck","og_description":"St\u00f6lting Harbor stellte sich und seine Mieter am 15.06.2018 der Presse vor. Die St\u00f6lting Service Group setzt wieder einmal Ma\u00dfst\u00e4be. Das mit einer Investition von 25 Millionen Euro erbaute imposante Geb\u00e4ude der St\u00f6lting Service Group an der Johannes-Rau-Allee wird das Gesamtbild des neuen Standquartiers Graf Bismarck nach Fertigstellung pr\u00e4gen. \u201eNat\u00fcrlich sind wir Stolz und \u00e4u\u00dferst [&hellip;]","og_url":"https:\/\/www.stoelting-gruppe.de\/en\/2018\/06\/15\/reges-interesse-am-neuen-standort-der-hauptverwaltung-auf-graf-bismarck\/","og_site_name":"St\u00f6lting Service Group","article_publisher":"https:\/\/www.facebook.com\/StoeltingServiceGroup","article_published_time":"2018-06-15T14:52:42+00:00","og_image":[{"width":3976,"height":2652,"url":"https:\/\/www.stoelting-gruppe.de\/wp-content\/uploads\/2018\/06\/ORG_DSC03947.jpg","type":"image\/jpeg"}],"author":"Stoelting","twitter_card":"summary_large_image","twitter_misc":{"Written by":"Stoelting","Estimated reading time":"1 minute"},"schema":{"@context":"https:\/\/schema.org","@graph":[{"@type":"Article","@id":"https:\/\/www.stoelting-gruppe.de\/2018\/06\/15\/reges-interesse-am-neuen-standort-der-hauptverwaltung-auf-graf-bismarck\/#article","isPartOf":{"@id":"https:\/\/www.stoelting-gruppe.de\/2018\/06\/15\/reges-interesse-am-neuen-standort-der-hauptverwaltung-auf-graf-bismarck\/"},"author":{"name":"Stoelting","@id":"https:\/\/www.stoelting-gruppe.de\/#\/schema\/person\/ad1ef2f20fb01278e1e630dd84768ff8"},"headline":"Reges Interesse am neuen Standort der Hauptverwaltung auf Graf Bismarck","datePublished":"2018-06-15T14:52:42+00:00","mainEntityOfPage":{"@id":"https:\/\/www.stoelting-gruppe.de\/2018\/06\/15\/reges-interesse-am-neuen-standort-der-hauptverwaltung-auf-graf-bismarck\/"},"wordCount":300,"publisher":{"@id":"https:\/\/www.stoelting-gruppe.de\/#organization"},"image":{"@id":"https:\/\/www.stoelting-gruppe.de\/2018\/06\/15\/reges-interesse-am-neuen-standort-der-hauptverwaltung-auf-graf-bismarck\/#primaryimage"},"thumbnailUrl":"https:\/\/www.stoelting-gruppe.de\/wp-content\/uploads\/2018\/06\/ORG_DSC03947.jpg","articleSection":["Aktuelles"],"inLanguage":"en-GB"},{"@type":"WebPage","@id":"https:\/\/www.stoelting-gruppe.de\/2018\/06\/15\/reges-interesse-am-neuen-standort-der-hauptverwaltung-auf-graf-bismarck\/","url":"https:\/\/www.stoelting-gruppe.de\/2018\/06\/15\/reges-interesse-am-neuen-standort-der-hauptverwaltung-auf-graf-bismarck\/","name":"St\u00f6lting Service Group &#8211; Reges Interesse am neuen Standort der Hauptverwaltung auf Graf Bismarck","isPartOf":{"@id":"https:\/\/www.stoelting-gruppe.de\/#website"},"primaryImageOfPage":{"@id":"https:\/\/www.stoelting-gruppe.de\/2018\/06\/15\/reges-interesse-am-neuen-standort-der-hauptverwaltung-auf-graf-bismarck\/#primaryimage"},"image":{"@id":"https:\/\/www.stoelting-gruppe.de\/2018\/06\/15\/reges-interesse-am-neuen-standort-der-hauptverwaltung-auf-graf-bismarck\/#primaryimage"},"thumbnailUrl":"https:\/\/www.stoelting-gruppe.de\/wp-content\/uploads\/2018\/06\/ORG_DSC03947.jpg","datePublished":"2018-06-15T14:52:42+00:00","breadcrumb":{"@id":"https:\/\/www.stoelting-gruppe.de\/2018\/06\/15\/reges-interesse-am-neuen-standort-der-hauptverwaltung-auf-graf-bismarck\/#breadcrumb"},"inLanguage":"en-GB","potentialAction":[{"@type":"ReadAction","target":["https:\/\/www.stoelting-gruppe.de\/2018\/06\/15\/reges-interesse-am-neuen-standort-der-hauptverwaltung-auf-graf-bismarck\/"]}]},{"@type":"ImageObject","inLanguage":"en-GB","@id":"https:\/\/www.stoelting-gruppe.de\/2018\/06\/15\/reges-interesse-am-neuen-standort-der-hauptverwaltung-auf-graf-bismarck\/#primaryimage","url":"https:\/\/www.stoelting-gruppe.de\/wp-content\/uploads\/2018\/06\/ORG_DSC03947.jpg","contentUrl":"https:\/\/www.stoelting-gruppe.de\/wp-content\/uploads\/2018\/06\/ORG_DSC03947.jpg","width":3976,"height":2652},{"@type":"BreadcrumbList","@id":"https:\/\/www.stoelting-gruppe.de\/2018\/06\/15\/reges-interesse-am-neuen-standort-der-hauptverwaltung-auf-graf-bismarck\/#breadcrumb","itemListElement":[{"@type":"ListItem","position":1,"name":"Startseite","item":"https:\/\/www.stoelting-gruppe.de\/"},{"@type":"ListItem","position":2,"name":"Reges Interesse am neuen Standort der Hauptverwaltung auf Graf Bismarck"}]},{"@type":"WebSite","@id":"https:\/\/www.stoelting-gruppe.de\/#website","url":"https:\/\/www.stoelting-gruppe.de\/","name":"St\u00f6lting Service Group","description":"We do it. For 125 years. Cleaning, security, personnel","publisher":{"@id":"https:\/\/www.stoelting-gruppe.de\/#organization"},"potentialAction":[{"@type":"SearchAction","target":{"@type":"EntryPoint","urlTemplate":"https:\/\/www.stoelting-gruppe.de\/?s={search_term_string}"},"query-input":{"@type":"PropertyValueSpecification","valueRequired":true,"valueName":"search_term_string"}}],"inLanguage":"en-GB"},{"@type":"Organization","@id":"https:\/\/www.stoelting-gruppe.de\/#organization","name":"St\u00f6lting Service Group","url":"https:\/\/www.stoelting-gruppe.de\/","logo":{"@type":"ImageObject","inLanguage":"en-GB","@id":"https:\/\/www.stoelting-gruppe.de\/#\/schema\/logo\/image\/","url":"https:\/\/www.stoelting-gruppe.de\/wp-content\/uploads\/2020\/12\/SSG-Logo.svg","contentUrl":"https:\/\/www.stoelting-gruppe.de\/wp-content\/uploads\/2020\/12\/SSG-Logo.svg","width":426,"height":80,"caption":"St\u00f6lting Service Group"},"image":{"@id":"https:\/\/www.stoelting-gruppe.de\/#\/schema\/logo\/image\/"},"sameAs":["https:\/\/www.facebook.com\/StoeltingServiceGroup"]},{"@type":"Person","@id":"https:\/\/www.stoelting-gruppe.de\/#\/schema\/person\/ad1ef2f20fb01278e1e630dd84768ff8","name":"Stoelting"}]}},"_links":{"self":[{"href":"https:\/\/www.stoelting-gruppe.de\/en\/wp-json\/wp\/v2\/posts\/1703","targetHints":{"allow":["GET"]}}],"collection":[{"href":"https:\/\/www.stoelting-gruppe.de\/en\/wp-json\/wp\/v2\/posts"}],"about":[{"href":"https:\/\/www.stoelting-gruppe.de\/en\/wp-json\/wp\/v2\/types\/post"}],"author":[{"embeddable":true,"href":"https:\/\/www.stoelting-gruppe.de\/en\/wp-json\/wp\/v2\/users\/10"}],"replies":[{"embeddable":true,"href":"https:\/\/www.stoelting-gruppe.de\/en\/wp-json\/wp\/v2\/comments?post=1703"}],"version-history":[{"count":0,"href":"https:\/\/www.stoelting-gruppe.de\/en\/wp-json\/wp\/v2\/posts\/1703\/revisions"}],"wp:featuredmedia":[{"embeddable":true,"href":"https:\/\/www.stoelting-gruppe.de\/en\/wp-json\/wp\/v2\/media\/1701"}],"wp:attachment":[{"href":"https:\/\/www.stoelting-gruppe.de\/en\/wp-json\/wp\/v2\/media?parent=1703"}],"wp:term":[{"taxonomy":"category","embeddable":true,"href":"https:\/\/www.stoelting-gruppe.de\/en\/wp-json\/wp\/v2\/categories?post=1703"},{"taxonomy":"post_tag","embeddable":true,"href":"https:\/\/www.stoelting-gruppe.de\/en\/wp-json\/wp\/v2\/tags?post=1703"}],"curies":[{"name":"wp","href":"https:\/\/api.w.org\/{rel}","templated":true}]}}