{"id":1452,"date":"2017-12-15T09:14:58","date_gmt":"2017-12-15T09:14:58","guid":{"rendered":"https:\/\/www.stoelting-gruppe.de\/?p=1452"},"modified":"2017-12-15T09:15:43","modified_gmt":"2017-12-15T09:15:43","slug":"tarifabschluss-gebaeudereiniger-handwerk","status":"publish","type":"post","link":"https:\/\/www.stoelting-gruppe.de\/es\/2017\/12\/15\/tarifabschluss-gebaeudereiniger-handwerk\/","title":{"rendered":"St\u00f6lting Service Group aplicar\u00e1 las nuevas disposiciones salariales a partir de 2018"},"content":{"rendered":"<p>El 4 de diciembre de 2017, los \u00f3rganos competentes de la Asociaci\u00f3n Federal de Gremios (BIV) del sector de la limpieza de edificios y del sindicato industrial de la construcci\u00f3n, la agricultura y el medio ambiente (IG BAU) aprobaron el nuevo convenio colectivo sobre salarios y salarios m\u00ednimos negociado el 10 de noviembre de 2017 para los trabajadores del sector de la limpieza de edificios .<\/p>\n<p>El convenio colectivo entrar\u00e1 en vigor en 2018, tendr\u00e1 una vigencia de tres a\u00f1os y prev\u00e9 un aumento salarial significativo para todos los empleados: hasta 2020, los salarios se incrementar\u00e1n gradualmente hasta alcanzar los 10,80 euros y se equiparar\u00e1n en Alemania Oriental al nivel de Alemania Occidental.<\/p>\n<p>No se espera una declaraci\u00f3n sobre la \u201eobligatoriedad general\u201c hasta el pr\u00f3ximo a\u00f1o.<br \/>\nA pesar de que a\u00fan no se ha declarado de aplicaci\u00f3n general, St\u00f6lting Service Group pagar\u00e1 a todos sus empleados los salarios seg\u00fan el nuevo convenio colectivo a partir del 1 de enero de 2018.<br \/>\nDe este modo, los 7000 empleados del St\u00f6lting Service Group en toda Alemania tienen seguridad en la planificaci\u00f3n para los pr\u00f3ximos tres a\u00f1os.<\/p>\n<p>Aqu\u00ed encontrar\u00e1 m\u00e1s informaci\u00f3n sobre el \u00e1rea de limpieza:\u00a0<a href=\"https:\/\/www.stoelting-gruppe.de\/es\/cleaning-service\/\">https:\/\/www.stoelting-gruppe.de\/cleaning-service\/<\/a><\/p>","protected":false},"excerpt":{"rendered":"<p>El 4 de diciembre de 2017, los comit\u00e9s responsables de la Asociaci\u00f3n Gremial Federal (BIV) del gremio de limpieza de edificios y del Sindicato Industrial para la Construcci\u00f3n, la Agricultura y el Medio Ambiente (IG BAU) aprobaron el nuevo convenio colectivo salarial y de salario m\u00ednimo para los empleados comerciales del gremio de limpieza de edificios, que se negoci\u00f3 el 10 de noviembre de 2017. El convenio colectivo entrar\u00e1 en vigor en 2018, tendr\u00e1 una duraci\u00f3n de tres a\u00f1os y prev\u00e9 una importante [...]<\/p>","protected":false},"author":10,"featured_media":10737,"comment_status":"closed","ping_status":"closed","sticky":false,"template":"","format":"standard","meta":{"_acf_changed":false,"footnotes":""},"categories":[4],"tags":[],"class_list":["post-1452","post","type-post","status-publish","format-standard","has-post-thumbnail","hentry","category-news"],"acf":[],"yoast_head":"<!-- This site is optimized with the Yoast SEO plugin v26.8 - https:\/\/yoast.com\/product\/yoast-seo-wordpress\/ -->\n<title>St\u00f6lting Service Group &#8211; St\u00f6lting Service Group verg\u00fctet ab 2018 nach neuen Tarifbestimmungen<\/title>\n<meta name=\"robots\" content=\"index, follow, max-snippet:-1, max-image-preview:large, max-video-preview:-1\" \/>\n<link rel=\"canonical\" href=\"https:\/\/www.stoelting-gruppe.de\/es\/2017\/12\/15\/tarifabschluss-gebaeudereiniger-handwerk\/\" \/>\n<meta property=\"og:locale\" content=\"es_ES\" \/>\n<meta property=\"og:type\" content=\"article\" \/>\n<meta property=\"og:title\" content=\"St\u00f6lting Service Group &#8211; St\u00f6lting Service Group verg\u00fctet ab 2018 nach neuen Tarifbestimmungen\" \/>\n<meta property=\"og:description\" content=\"Am 4. Dezember 2017 stimmten die zust\u00e4ndigen Gremien des Bundesinnungsverbands (BIV) des Geb\u00e4udereiniger-Handwerks und der Industriegewerkschaft Bauen-Agrar-Umwelt (IG BAU) dem am 10. November 2017 ausgehandelten neuen Lohn- und Mindestlohntarifvertrag f\u00fcr die gewerblich Besch\u00e4ftigten des Geb\u00e4udereiniger &#8211; Handwerkes zu. Der Tarifvertrag tritt damit 2018 in Kraft, hat eine Laufzeit von drei Jahren und sieht ein deutliches [&hellip;]\" \/>\n<meta property=\"og:url\" content=\"https:\/\/www.stoelting-gruppe.de\/es\/2017\/12\/15\/tarifabschluss-gebaeudereiniger-handwerk\/\" \/>\n<meta property=\"og:site_name\" content=\"St\u00f6lting Service Group\" \/>\n<meta property=\"article:publisher\" content=\"https:\/\/www.facebook.com\/StoeltingServiceGroup\" \/>\n<meta property=\"article:published_time\" content=\"2017-12-15T09:14:58+00:00\" \/>\n<meta property=\"article:modified_time\" content=\"2017-12-15T09:15:43+00:00\" \/>\n<meta property=\"og:image\" content=\"https:\/\/www.stoelting-gruppe.de\/wp-content\/uploads\/2021\/10\/Sto\u0308lting_Logo_Original-News.jpg\" \/>\n\t<meta property=\"og:image:width\" content=\"876\" \/>\n\t<meta property=\"og:image:height\" content=\"472\" \/>\n\t<meta property=\"og:image:type\" content=\"image\/jpeg\" \/>\n<meta name=\"author\" content=\"Stoelting\" \/>\n<meta name=\"twitter:card\" content=\"summary_large_image\" \/>\n<meta name=\"twitter:label1\" content=\"Escrito por\" \/>\n\t<meta name=\"twitter:data1\" content=\"Stoelting\" \/>\n\t<meta name=\"twitter:label2\" content=\"Tiempo de lectura\" \/>\n\t<meta name=\"twitter:data2\" content=\"1 minuto\" \/>\n<script type=\"application\/ld+json\" class=\"yoast-schema-graph\">{\"@context\":\"https:\/\/schema.org\",\"@graph\":[{\"@type\":\"Article\",\"@id\":\"https:\/\/www.stoelting-gruppe.de\/2017\/12\/15\/tarifabschluss-gebaeudereiniger-handwerk\/#article\",\"isPartOf\":{\"@id\":\"https:\/\/www.stoelting-gruppe.de\/2017\/12\/15\/tarifabschluss-gebaeudereiniger-handwerk\/\"},\"author\":{\"name\":\"Stoelting\",\"@id\":\"https:\/\/www.stoelting-gruppe.de\/#\/schema\/person\/ad1ef2f20fb01278e1e630dd84768ff8\"},\"headline\":\"St\u00f6lting Service Group verg\u00fctet ab 2018 nach neuen Tarifbestimmungen\",\"datePublished\":\"2017-12-15T09:14:58+00:00\",\"dateModified\":\"2017-12-15T09:15:43+00:00\",\"mainEntityOfPage\":{\"@id\":\"https:\/\/www.stoelting-gruppe.de\/2017\/12\/15\/tarifabschluss-gebaeudereiniger-handwerk\/\"},\"wordCount\":156,\"publisher\":{\"@id\":\"https:\/\/www.stoelting-gruppe.de\/#organization\"},\"image\":{\"@id\":\"https:\/\/www.stoelting-gruppe.de\/2017\/12\/15\/tarifabschluss-gebaeudereiniger-handwerk\/#primaryimage\"},\"thumbnailUrl\":\"https:\/\/www.stoelting-gruppe.de\/wp-content\/uploads\/2021\/10\/Sto\u0308lting_Logo_Original-News.jpg\",\"articleSection\":[\"Aktuelles\"],\"inLanguage\":\"es\"},{\"@type\":\"WebPage\",\"@id\":\"https:\/\/www.stoelting-gruppe.de\/2017\/12\/15\/tarifabschluss-gebaeudereiniger-handwerk\/\",\"url\":\"https:\/\/www.stoelting-gruppe.de\/2017\/12\/15\/tarifabschluss-gebaeudereiniger-handwerk\/\",\"name\":\"St\u00f6lting Service Group &#8211; St\u00f6lting Service Group verg\u00fctet ab 2018 nach neuen Tarifbestimmungen\",\"isPartOf\":{\"@id\":\"https:\/\/www.stoelting-gruppe.de\/#website\"},\"primaryImageOfPage\":{\"@id\":\"https:\/\/www.stoelting-gruppe.de\/2017\/12\/15\/tarifabschluss-gebaeudereiniger-handwerk\/#primaryimage\"},\"image\":{\"@id\":\"https:\/\/www.stoelting-gruppe.de\/2017\/12\/15\/tarifabschluss-gebaeudereiniger-handwerk\/#primaryimage\"},\"thumbnailUrl\":\"https:\/\/www.stoelting-gruppe.de\/wp-content\/uploads\/2021\/10\/Sto\u0308lting_Logo_Original-News.jpg\",\"datePublished\":\"2017-12-15T09:14:58+00:00\",\"dateModified\":\"2017-12-15T09:15:43+00:00\",\"breadcrumb\":{\"@id\":\"https:\/\/www.stoelting-gruppe.de\/2017\/12\/15\/tarifabschluss-gebaeudereiniger-handwerk\/#breadcrumb\"},\"inLanguage\":\"es\",\"potentialAction\":[{\"@type\":\"ReadAction\",\"target\":[\"https:\/\/www.stoelting-gruppe.de\/2017\/12\/15\/tarifabschluss-gebaeudereiniger-handwerk\/\"]}]},{\"@type\":\"ImageObject\",\"inLanguage\":\"es\",\"@id\":\"https:\/\/www.stoelting-gruppe.de\/2017\/12\/15\/tarifabschluss-gebaeudereiniger-handwerk\/#primaryimage\",\"url\":\"https:\/\/www.stoelting-gruppe.de\/wp-content\/uploads\/2021\/10\/Sto\u0308lting_Logo_Original-News.jpg\",\"contentUrl\":\"https:\/\/www.stoelting-gruppe.de\/wp-content\/uploads\/2021\/10\/Sto\u0308lting_Logo_Original-News.jpg\",\"width\":876,\"height\":472,\"caption\":\"stoelting service group\"},{\"@type\":\"BreadcrumbList\",\"@id\":\"https:\/\/www.stoelting-gruppe.de\/2017\/12\/15\/tarifabschluss-gebaeudereiniger-handwerk\/#breadcrumb\",\"itemListElement\":[{\"@type\":\"ListItem\",\"position\":1,\"name\":\"Startseite\",\"item\":\"https:\/\/www.stoelting-gruppe.de\/\"},{\"@type\":\"ListItem\",\"position\":2,\"name\":\"St\u00f6lting Service Group verg\u00fctet ab 2018 nach neuen Tarifbestimmungen\"}]},{\"@type\":\"WebSite\",\"@id\":\"https:\/\/www.stoelting-gruppe.de\/#website\",\"url\":\"https:\/\/www.stoelting-gruppe.de\/\",\"name\":\"St\u00f6lting Service Group\",\"description\":\"Wir machen. Seit 125 Jahren. Reinigung, Sicherheit, Personal\",\"publisher\":{\"@id\":\"https:\/\/www.stoelting-gruppe.de\/#organization\"},\"potentialAction\":[{\"@type\":\"SearchAction\",\"target\":{\"@type\":\"EntryPoint\",\"urlTemplate\":\"https:\/\/www.stoelting-gruppe.de\/?s={search_term_string}\"},\"query-input\":{\"@type\":\"PropertyValueSpecification\",\"valueRequired\":true,\"valueName\":\"search_term_string\"}}],\"inLanguage\":\"es\"},{\"@type\":\"Organization\",\"@id\":\"https:\/\/www.stoelting-gruppe.de\/#organization\",\"name\":\"St\u00f6lting Service Group\",\"url\":\"https:\/\/www.stoelting-gruppe.de\/\",\"logo\":{\"@type\":\"ImageObject\",\"inLanguage\":\"es\",\"@id\":\"https:\/\/www.stoelting-gruppe.de\/#\/schema\/logo\/image\/\",\"url\":\"https:\/\/www.stoelting-gruppe.de\/wp-content\/uploads\/2020\/12\/SSG-Logo.svg\",\"contentUrl\":\"https:\/\/www.stoelting-gruppe.de\/wp-content\/uploads\/2020\/12\/SSG-Logo.svg\",\"width\":426,\"height\":80,\"caption\":\"St\u00f6lting Service Group\"},\"image\":{\"@id\":\"https:\/\/www.stoelting-gruppe.de\/#\/schema\/logo\/image\/\"},\"sameAs\":[\"https:\/\/www.facebook.com\/StoeltingServiceGroup\"]},{\"@type\":\"Person\",\"@id\":\"https:\/\/www.stoelting-gruppe.de\/#\/schema\/person\/ad1ef2f20fb01278e1e630dd84768ff8\",\"name\":\"Stoelting\"}]}<\/script>\n<!-- \/ Yoast SEO plugin. -->","yoast_head_json":{"title":"Grupo St\u00f6lting Service - El Grupo St\u00f6lting Service pagar\u00e1 seg\u00fan la nueva normativa sobre tarifas a partir de 2018","robots":{"index":"index","follow":"follow","max-snippet":"max-snippet:-1","max-image-preview":"max-image-preview:large","max-video-preview":"max-video-preview:-1"},"canonical":"https:\/\/www.stoelting-gruppe.de\/es\/2017\/12\/15\/tarifabschluss-gebaeudereiniger-handwerk\/","og_locale":"es_ES","og_type":"article","og_title":"St\u00f6lting Service Group &#8211; St\u00f6lting Service Group verg\u00fctet ab 2018 nach neuen Tarifbestimmungen","og_description":"Am 4. Dezember 2017 stimmten die zust\u00e4ndigen Gremien des Bundesinnungsverbands (BIV) des Geb\u00e4udereiniger-Handwerks und der Industriegewerkschaft Bauen-Agrar-Umwelt (IG BAU) dem am 10. November 2017 ausgehandelten neuen Lohn- und Mindestlohntarifvertrag f\u00fcr die gewerblich Besch\u00e4ftigten des Geb\u00e4udereiniger &#8211; Handwerkes zu. Der Tarifvertrag tritt damit 2018 in Kraft, hat eine Laufzeit von drei Jahren und sieht ein deutliches [&hellip;]","og_url":"https:\/\/www.stoelting-gruppe.de\/es\/2017\/12\/15\/tarifabschluss-gebaeudereiniger-handwerk\/","og_site_name":"St\u00f6lting Service Group","article_publisher":"https:\/\/www.facebook.com\/StoeltingServiceGroup","article_published_time":"2017-12-15T09:14:58+00:00","article_modified_time":"2017-12-15T09:15:43+00:00","og_image":[{"width":876,"height":472,"url":"https:\/\/www.stoelting-gruppe.de\/wp-content\/uploads\/2021\/10\/Sto\u0308lting_Logo_Original-News.jpg","type":"image\/jpeg"}],"author":"Stoelting","twitter_card":"summary_large_image","twitter_misc":{"Escrito por":"Stoelting","Tiempo de lectura":"1 minuto"},"schema":{"@context":"https:\/\/schema.org","@graph":[{"@type":"Article","@id":"https:\/\/www.stoelting-gruppe.de\/2017\/12\/15\/tarifabschluss-gebaeudereiniger-handwerk\/#article","isPartOf":{"@id":"https:\/\/www.stoelting-gruppe.de\/2017\/12\/15\/tarifabschluss-gebaeudereiniger-handwerk\/"},"author":{"name":"Stoelting","@id":"https:\/\/www.stoelting-gruppe.de\/#\/schema\/person\/ad1ef2f20fb01278e1e630dd84768ff8"},"headline":"St\u00f6lting Service Group verg\u00fctet ab 2018 nach neuen Tarifbestimmungen","datePublished":"2017-12-15T09:14:58+00:00","dateModified":"2017-12-15T09:15:43+00:00","mainEntityOfPage":{"@id":"https:\/\/www.stoelting-gruppe.de\/2017\/12\/15\/tarifabschluss-gebaeudereiniger-handwerk\/"},"wordCount":156,"publisher":{"@id":"https:\/\/www.stoelting-gruppe.de\/#organization"},"image":{"@id":"https:\/\/www.stoelting-gruppe.de\/2017\/12\/15\/tarifabschluss-gebaeudereiniger-handwerk\/#primaryimage"},"thumbnailUrl":"https:\/\/www.stoelting-gruppe.de\/wp-content\/uploads\/2021\/10\/Sto\u0308lting_Logo_Original-News.jpg","articleSection":["Aktuelles"],"inLanguage":"es"},{"@type":"WebPage","@id":"https:\/\/www.stoelting-gruppe.de\/2017\/12\/15\/tarifabschluss-gebaeudereiniger-handwerk\/","url":"https:\/\/www.stoelting-gruppe.de\/2017\/12\/15\/tarifabschluss-gebaeudereiniger-handwerk\/","name":"Grupo St\u00f6lting Service - El Grupo St\u00f6lting Service pagar\u00e1 seg\u00fan la nueva normativa sobre tarifas a partir de 2018","isPartOf":{"@id":"https:\/\/www.stoelting-gruppe.de\/#website"},"primaryImageOfPage":{"@id":"https:\/\/www.stoelting-gruppe.de\/2017\/12\/15\/tarifabschluss-gebaeudereiniger-handwerk\/#primaryimage"},"image":{"@id":"https:\/\/www.stoelting-gruppe.de\/2017\/12\/15\/tarifabschluss-gebaeudereiniger-handwerk\/#primaryimage"},"thumbnailUrl":"https:\/\/www.stoelting-gruppe.de\/wp-content\/uploads\/2021\/10\/Sto\u0308lting_Logo_Original-News.jpg","datePublished":"2017-12-15T09:14:58+00:00","dateModified":"2017-12-15T09:15:43+00:00","breadcrumb":{"@id":"https:\/\/www.stoelting-gruppe.de\/2017\/12\/15\/tarifabschluss-gebaeudereiniger-handwerk\/#breadcrumb"},"inLanguage":"es","potentialAction":[{"@type":"ReadAction","target":["https:\/\/www.stoelting-gruppe.de\/2017\/12\/15\/tarifabschluss-gebaeudereiniger-handwerk\/"]}]},{"@type":"ImageObject","inLanguage":"es","@id":"https:\/\/www.stoelting-gruppe.de\/2017\/12\/15\/tarifabschluss-gebaeudereiniger-handwerk\/#primaryimage","url":"https:\/\/www.stoelting-gruppe.de\/wp-content\/uploads\/2021\/10\/Sto\u0308lting_Logo_Original-News.jpg","contentUrl":"https:\/\/www.stoelting-gruppe.de\/wp-content\/uploads\/2021\/10\/Sto\u0308lting_Logo_Original-News.jpg","width":876,"height":472,"caption":"stoelting service group"},{"@type":"BreadcrumbList","@id":"https:\/\/www.stoelting-gruppe.de\/2017\/12\/15\/tarifabschluss-gebaeudereiniger-handwerk\/#breadcrumb","itemListElement":[{"@type":"ListItem","position":1,"name":"Startseite","item":"https:\/\/www.stoelting-gruppe.de\/"},{"@type":"ListItem","position":2,"name":"St\u00f6lting Service Group verg\u00fctet ab 2018 nach neuen Tarifbestimmungen"}]},{"@type":"WebSite","@id":"https:\/\/www.stoelting-gruppe.de\/#website","url":"https:\/\/www.stoelting-gruppe.de\/","name":"Grupo de servicios St\u00f6lting","description":"Nosotros lo hacemos. Desde hace 125 a\u00f1os. Limpieza, seguridad, personal.","publisher":{"@id":"https:\/\/www.stoelting-gruppe.de\/#organization"},"potentialAction":[{"@type":"SearchAction","target":{"@type":"EntryPoint","urlTemplate":"https:\/\/www.stoelting-gruppe.de\/?s={search_term_string}"},"query-input":{"@type":"PropertyValueSpecification","valueRequired":true,"valueName":"search_term_string"}}],"inLanguage":"es"},{"@type":"Organization","@id":"https:\/\/www.stoelting-gruppe.de\/#organization","name":"Grupo de servicios St\u00f6lting","url":"https:\/\/www.stoelting-gruppe.de\/","logo":{"@type":"ImageObject","inLanguage":"es","@id":"https:\/\/www.stoelting-gruppe.de\/#\/schema\/logo\/image\/","url":"https:\/\/www.stoelting-gruppe.de\/wp-content\/uploads\/2020\/12\/SSG-Logo.svg","contentUrl":"https:\/\/www.stoelting-gruppe.de\/wp-content\/uploads\/2020\/12\/SSG-Logo.svg","width":426,"height":80,"caption":"St\u00f6lting Service Group"},"image":{"@id":"https:\/\/www.stoelting-gruppe.de\/#\/schema\/logo\/image\/"},"sameAs":["https:\/\/www.facebook.com\/StoeltingServiceGroup"]},{"@type":"Person","@id":"https:\/\/www.stoelting-gruppe.de\/#\/schema\/person\/ad1ef2f20fb01278e1e630dd84768ff8","name":"Stoelting"}]}},"_links":{"self":[{"href":"https:\/\/www.stoelting-gruppe.de\/es\/wp-json\/wp\/v2\/posts\/1452","targetHints":{"allow":["GET"]}}],"collection":[{"href":"https:\/\/www.stoelting-gruppe.de\/es\/wp-json\/wp\/v2\/posts"}],"about":[{"href":"https:\/\/www.stoelting-gruppe.de\/es\/wp-json\/wp\/v2\/types\/post"}],"author":[{"embeddable":true,"href":"https:\/\/www.stoelting-gruppe.de\/es\/wp-json\/wp\/v2\/users\/10"}],"replies":[{"embeddable":true,"href":"https:\/\/www.stoelting-gruppe.de\/es\/wp-json\/wp\/v2\/comments?post=1452"}],"version-history":[{"count":0,"href":"https:\/\/www.stoelting-gruppe.de\/es\/wp-json\/wp\/v2\/posts\/1452\/revisions"}],"wp:featuredmedia":[{"embeddable":true,"href":"https:\/\/www.stoelting-gruppe.de\/es\/wp-json\/wp\/v2\/media\/10737"}],"wp:attachment":[{"href":"https:\/\/www.stoelting-gruppe.de\/es\/wp-json\/wp\/v2\/media?parent=1452"}],"wp:term":[{"taxonomy":"category","embeddable":true,"href":"https:\/\/www.stoelting-gruppe.de\/es\/wp-json\/wp\/v2\/categories?post=1452"},{"taxonomy":"post_tag","embeddable":true,"href":"https:\/\/www.stoelting-gruppe.de\/es\/wp-json\/wp\/v2\/tags?post=1452"}],"curies":[{"name":"wp","href":"https:\/\/api.w.org\/{rel}","templated":true}]}}