{"id":1703,"date":"2018-06-15T14:52:42","date_gmt":"2018-06-15T14:52:42","guid":{"rendered":"https:\/\/www.stoelting-gruppe.de\/?p=1703"},"modified":"2018-06-15T14:52:42","modified_gmt":"2018-06-15T14:52:42","slug":"reges-interesse-am-neuen-standort-der-hauptverwaltung-auf-graf-bismarck","status":"publish","type":"post","link":"https:\/\/www.stoelting-gruppe.de\/es\/2018\/06\/15\/reges-interesse-am-neuen-standort-der-hauptverwaltung-auf-graf-bismarck\/","title":{"rendered":"Gran inter\u00e9s por la nueva ubicaci\u00f3n de la sede central en Graf Bismarck"},"content":{"rendered":"<p><em>St\u00f6lting Harbor se present\u00f3 ante la prensa junto con sus inquilinos el 15 de junio de 2018.<\/em><\/p>\n<p>El St\u00f6lting Service Group vuelve a marcar la pauta.<\/p>\n<p>El imponente edificio del St\u00f6lting Service Group, construido en la Johannes-Rau-Allee con una inversi\u00f3n de 25 millones de euros, marcar\u00e1 la imagen general de la nueva sede de Graf Bismarck una vez finalizada su construcci\u00f3n.<\/p>\n<p>\u201ePor supuesto, estamos orgullosos y muy satisfechos de que la construcci\u00f3n se est\u00e9 llevando a cabo de forma tan fluida y r\u00e1pida. Por ello, queremos expresar nuestro m\u00e1s sincero agradecimiento a todos los participantes y a nuestros empleados\u201c, comunica el director general Sebastian Mosbacher.<br \/>\nTras la fiesta de inauguraci\u00f3n celebrada en octubre de 2017, la sede central de St\u00f6lting Service Group se traslad\u00f3 a sus nuevas instalaciones.<br \/>\nA principios de junio de 2018 llegaron los primeros inquilinos, los empleados de la sede central de Hunkem\u00f6ller en Alemania.<\/p>\n<p>Pero tambi\u00e9n otros inquilinos se est\u00e1n instalando.<br \/>\nEn la planta baja, Christian Zipper abrir\u00e1 una panader\u00eda\/cafeter\u00eda y la helader\u00eda La Luna. Ambas abrir\u00e1n sus puertas a principios de julio de 2018.<br \/>\nA finales de verano le seguir\u00e1n el asador \u201eRuhrkind\u201c y el restaurante italiano \u201ePurino\u201c.<\/p>\n<p>Esta oferta se ve realzada por una atractiva zona de restauraci\u00f3n al aire libre en la galer\u00eda comercial de 107 metros de longitud y en la plaza del puerto situada frente a ella.<br \/>\nA esto se suma que el puerto deportivo St\u00f6lting Marina entrar\u00e1 en funcionamiento este verano con 60 amarres. Esto, junto con la excelente oferta gastron\u00f3mica, tendr\u00e1 un gran impacto en el paseo mar\u00edtimo y atraer\u00e1 a muchos visitantes al lugar.<\/p>\n<p>\u201eNuestra visi\u00f3n se ha hecho realidad. No solo para nosotros, sino tambi\u00e9n para los habitantes de Gelsenkirchen, se est\u00e1 creando un valor a\u00f1adido del que se beneficiar\u00e1n generaciones futuras\u201c, afirma el director general Sebastian Mosbacher.<\/p>\n<p>Por \u00faltimo, cabe destacar la fiesta del puerto, que tendr\u00e1 lugar del 24 al 26 de agosto de 2018, como acto inaugural.<br \/>\nDurante los tres d\u00edas se ofrecer\u00e1n numerosos espect\u00e1culos, m\u00fasica en directo, un festival gastron\u00f3mico, carreras de canoas y mucho m\u00e1s.<\/p>","protected":false},"excerpt":{"rendered":"<p>St\u00f6lting Harbor stellte sich und seine Mieter am 15.06.2018 der Presse vor. Die St\u00f6lting Service Group setzt wieder einmal Ma\u00dfst\u00e4be. Das mit einer Investition von 25 Millionen Euro erbaute imposante Geb\u00e4ude der St\u00f6lting Service Group an der Johannes-Rau-Allee wird das Gesamtbild des neuen Standquartiers Graf Bismarck nach Fertigstellung pr\u00e4gen. \u201eNat\u00fcrlich sind wir Stolz und \u00e4u\u00dferst [&hellip;]<\/p>","protected":false},"author":10,"featured_media":1701,"comment_status":"closed","ping_status":"closed","sticky":false,"template":"","format":"standard","meta":{"_acf_changed":false,"footnotes":""},"categories":[4],"tags":[],"class_list":["post-1703","post","type-post","status-publish","format-standard","has-post-thumbnail","hentry","category-news"],"acf":[],"yoast_head":"<!-- This site is optimized with the Yoast SEO plugin v26.8 - https:\/\/yoast.com\/product\/yoast-seo-wordpress\/ -->\n<title>St\u00f6lting Service Group &#8211; Reges Interesse am neuen Standort der Hauptverwaltung auf Graf Bismarck<\/title>\n<meta name=\"robots\" content=\"index, follow, max-snippet:-1, max-image-preview:large, max-video-preview:-1\" \/>\n<link rel=\"canonical\" href=\"https:\/\/www.stoelting-gruppe.de\/es\/2018\/06\/15\/reges-interesse-am-neuen-standort-der-hauptverwaltung-auf-graf-bismarck\/\" \/>\n<meta property=\"og:locale\" content=\"es_ES\" \/>\n<meta property=\"og:type\" content=\"article\" \/>\n<meta property=\"og:title\" content=\"St\u00f6lting Service Group &#8211; Reges Interesse am neuen Standort der Hauptverwaltung auf Graf Bismarck\" \/>\n<meta property=\"og:description\" content=\"St\u00f6lting Harbor stellte sich und seine Mieter am 15.06.2018 der Presse vor. Die St\u00f6lting Service Group setzt wieder einmal Ma\u00dfst\u00e4be. Das mit einer Investition von 25 Millionen Euro erbaute imposante Geb\u00e4ude der St\u00f6lting Service Group an der Johannes-Rau-Allee wird das Gesamtbild des neuen Standquartiers Graf Bismarck nach Fertigstellung pr\u00e4gen. \u201eNat\u00fcrlich sind wir Stolz und \u00e4u\u00dferst [&hellip;]\" \/>\n<meta property=\"og:url\" content=\"https:\/\/www.stoelting-gruppe.de\/es\/2018\/06\/15\/reges-interesse-am-neuen-standort-der-hauptverwaltung-auf-graf-bismarck\/\" \/>\n<meta property=\"og:site_name\" content=\"St\u00f6lting Service Group\" \/>\n<meta property=\"article:publisher\" content=\"https:\/\/www.facebook.com\/StoeltingServiceGroup\" \/>\n<meta property=\"article:published_time\" content=\"2018-06-15T14:52:42+00:00\" \/>\n<meta property=\"og:image\" content=\"https:\/\/www.stoelting-gruppe.de\/wp-content\/uploads\/2018\/06\/ORG_DSC03947.jpg\" \/>\n\t<meta property=\"og:image:width\" content=\"3976\" \/>\n\t<meta property=\"og:image:height\" content=\"2652\" \/>\n\t<meta property=\"og:image:type\" content=\"image\/jpeg\" \/>\n<meta name=\"author\" content=\"Stoelting\" \/>\n<meta name=\"twitter:card\" content=\"summary_large_image\" \/>\n<meta name=\"twitter:label1\" content=\"Escrito por\" \/>\n\t<meta name=\"twitter:data1\" content=\"Stoelting\" \/>\n\t<meta name=\"twitter:label2\" content=\"Tiempo de lectura\" \/>\n\t<meta name=\"twitter:data2\" content=\"1 minuto\" \/>\n<script type=\"application\/ld+json\" class=\"yoast-schema-graph\">{\"@context\":\"https:\/\/schema.org\",\"@graph\":[{\"@type\":\"Article\",\"@id\":\"https:\/\/www.stoelting-gruppe.de\/2018\/06\/15\/reges-interesse-am-neuen-standort-der-hauptverwaltung-auf-graf-bismarck\/#article\",\"isPartOf\":{\"@id\":\"https:\/\/www.stoelting-gruppe.de\/2018\/06\/15\/reges-interesse-am-neuen-standort-der-hauptverwaltung-auf-graf-bismarck\/\"},\"author\":{\"name\":\"Stoelting\",\"@id\":\"https:\/\/www.stoelting-gruppe.de\/#\/schema\/person\/ad1ef2f20fb01278e1e630dd84768ff8\"},\"headline\":\"Reges Interesse am neuen Standort der Hauptverwaltung auf Graf Bismarck\",\"datePublished\":\"2018-06-15T14:52:42+00:00\",\"mainEntityOfPage\":{\"@id\":\"https:\/\/www.stoelting-gruppe.de\/2018\/06\/15\/reges-interesse-am-neuen-standort-der-hauptverwaltung-auf-graf-bismarck\/\"},\"wordCount\":300,\"publisher\":{\"@id\":\"https:\/\/www.stoelting-gruppe.de\/#organization\"},\"image\":{\"@id\":\"https:\/\/www.stoelting-gruppe.de\/2018\/06\/15\/reges-interesse-am-neuen-standort-der-hauptverwaltung-auf-graf-bismarck\/#primaryimage\"},\"thumbnailUrl\":\"https:\/\/www.stoelting-gruppe.de\/wp-content\/uploads\/2018\/06\/ORG_DSC03947.jpg\",\"articleSection\":[\"Aktuelles\"],\"inLanguage\":\"es\"},{\"@type\":\"WebPage\",\"@id\":\"https:\/\/www.stoelting-gruppe.de\/2018\/06\/15\/reges-interesse-am-neuen-standort-der-hauptverwaltung-auf-graf-bismarck\/\",\"url\":\"https:\/\/www.stoelting-gruppe.de\/2018\/06\/15\/reges-interesse-am-neuen-standort-der-hauptverwaltung-auf-graf-bismarck\/\",\"name\":\"St\u00f6lting Service Group &#8211; Reges Interesse am neuen Standort der Hauptverwaltung auf Graf Bismarck\",\"isPartOf\":{\"@id\":\"https:\/\/www.stoelting-gruppe.de\/#website\"},\"primaryImageOfPage\":{\"@id\":\"https:\/\/www.stoelting-gruppe.de\/2018\/06\/15\/reges-interesse-am-neuen-standort-der-hauptverwaltung-auf-graf-bismarck\/#primaryimage\"},\"image\":{\"@id\":\"https:\/\/www.stoelting-gruppe.de\/2018\/06\/15\/reges-interesse-am-neuen-standort-der-hauptverwaltung-auf-graf-bismarck\/#primaryimage\"},\"thumbnailUrl\":\"https:\/\/www.stoelting-gruppe.de\/wp-content\/uploads\/2018\/06\/ORG_DSC03947.jpg\",\"datePublished\":\"2018-06-15T14:52:42+00:00\",\"breadcrumb\":{\"@id\":\"https:\/\/www.stoelting-gruppe.de\/2018\/06\/15\/reges-interesse-am-neuen-standort-der-hauptverwaltung-auf-graf-bismarck\/#breadcrumb\"},\"inLanguage\":\"es\",\"potentialAction\":[{\"@type\":\"ReadAction\",\"target\":[\"https:\/\/www.stoelting-gruppe.de\/2018\/06\/15\/reges-interesse-am-neuen-standort-der-hauptverwaltung-auf-graf-bismarck\/\"]}]},{\"@type\":\"ImageObject\",\"inLanguage\":\"es\",\"@id\":\"https:\/\/www.stoelting-gruppe.de\/2018\/06\/15\/reges-interesse-am-neuen-standort-der-hauptverwaltung-auf-graf-bismarck\/#primaryimage\",\"url\":\"https:\/\/www.stoelting-gruppe.de\/wp-content\/uploads\/2018\/06\/ORG_DSC03947.jpg\",\"contentUrl\":\"https:\/\/www.stoelting-gruppe.de\/wp-content\/uploads\/2018\/06\/ORG_DSC03947.jpg\",\"width\":3976,\"height\":2652},{\"@type\":\"BreadcrumbList\",\"@id\":\"https:\/\/www.stoelting-gruppe.de\/2018\/06\/15\/reges-interesse-am-neuen-standort-der-hauptverwaltung-auf-graf-bismarck\/#breadcrumb\",\"itemListElement\":[{\"@type\":\"ListItem\",\"position\":1,\"name\":\"Startseite\",\"item\":\"https:\/\/www.stoelting-gruppe.de\/\"},{\"@type\":\"ListItem\",\"position\":2,\"name\":\"Reges Interesse am neuen Standort der Hauptverwaltung auf Graf Bismarck\"}]},{\"@type\":\"WebSite\",\"@id\":\"https:\/\/www.stoelting-gruppe.de\/#website\",\"url\":\"https:\/\/www.stoelting-gruppe.de\/\",\"name\":\"St\u00f6lting Service Group\",\"description\":\"Wir machen. Seit 125 Jahren. Reinigung, Sicherheit, Personal\",\"publisher\":{\"@id\":\"https:\/\/www.stoelting-gruppe.de\/#organization\"},\"potentialAction\":[{\"@type\":\"SearchAction\",\"target\":{\"@type\":\"EntryPoint\",\"urlTemplate\":\"https:\/\/www.stoelting-gruppe.de\/?s={search_term_string}\"},\"query-input\":{\"@type\":\"PropertyValueSpecification\",\"valueRequired\":true,\"valueName\":\"search_term_string\"}}],\"inLanguage\":\"es\"},{\"@type\":\"Organization\",\"@id\":\"https:\/\/www.stoelting-gruppe.de\/#organization\",\"name\":\"St\u00f6lting Service Group\",\"url\":\"https:\/\/www.stoelting-gruppe.de\/\",\"logo\":{\"@type\":\"ImageObject\",\"inLanguage\":\"es\",\"@id\":\"https:\/\/www.stoelting-gruppe.de\/#\/schema\/logo\/image\/\",\"url\":\"https:\/\/www.stoelting-gruppe.de\/wp-content\/uploads\/2020\/12\/SSG-Logo.svg\",\"contentUrl\":\"https:\/\/www.stoelting-gruppe.de\/wp-content\/uploads\/2020\/12\/SSG-Logo.svg\",\"width\":426,\"height\":80,\"caption\":\"St\u00f6lting Service Group\"},\"image\":{\"@id\":\"https:\/\/www.stoelting-gruppe.de\/#\/schema\/logo\/image\/\"},\"sameAs\":[\"https:\/\/www.facebook.com\/StoeltingServiceGroup\"]},{\"@type\":\"Person\",\"@id\":\"https:\/\/www.stoelting-gruppe.de\/#\/schema\/person\/ad1ef2f20fb01278e1e630dd84768ff8\",\"name\":\"Stoelting\"}]}<\/script>\n<!-- \/ Yoast SEO plugin. -->","yoast_head_json":{"title":"St\u00f6lting Service Group &#8211; Reges Interesse am neuen Standort der Hauptverwaltung auf Graf Bismarck","robots":{"index":"index","follow":"follow","max-snippet":"max-snippet:-1","max-image-preview":"max-image-preview:large","max-video-preview":"max-video-preview:-1"},"canonical":"https:\/\/www.stoelting-gruppe.de\/es\/2018\/06\/15\/reges-interesse-am-neuen-standort-der-hauptverwaltung-auf-graf-bismarck\/","og_locale":"es_ES","og_type":"article","og_title":"St\u00f6lting Service Group &#8211; Reges Interesse am neuen Standort der Hauptverwaltung auf Graf Bismarck","og_description":"St\u00f6lting Harbor stellte sich und seine Mieter am 15.06.2018 der Presse vor. Die St\u00f6lting Service Group setzt wieder einmal Ma\u00dfst\u00e4be. Das mit einer Investition von 25 Millionen Euro erbaute imposante Geb\u00e4ude der St\u00f6lting Service Group an der Johannes-Rau-Allee wird das Gesamtbild des neuen Standquartiers Graf Bismarck nach Fertigstellung pr\u00e4gen. \u201eNat\u00fcrlich sind wir Stolz und \u00e4u\u00dferst [&hellip;]","og_url":"https:\/\/www.stoelting-gruppe.de\/es\/2018\/06\/15\/reges-interesse-am-neuen-standort-der-hauptverwaltung-auf-graf-bismarck\/","og_site_name":"St\u00f6lting Service Group","article_publisher":"https:\/\/www.facebook.com\/StoeltingServiceGroup","article_published_time":"2018-06-15T14:52:42+00:00","og_image":[{"width":3976,"height":2652,"url":"https:\/\/www.stoelting-gruppe.de\/wp-content\/uploads\/2018\/06\/ORG_DSC03947.jpg","type":"image\/jpeg"}],"author":"Stoelting","twitter_card":"summary_large_image","twitter_misc":{"Escrito por":"Stoelting","Tiempo de lectura":"1 minuto"},"schema":{"@context":"https:\/\/schema.org","@graph":[{"@type":"Article","@id":"https:\/\/www.stoelting-gruppe.de\/2018\/06\/15\/reges-interesse-am-neuen-standort-der-hauptverwaltung-auf-graf-bismarck\/#article","isPartOf":{"@id":"https:\/\/www.stoelting-gruppe.de\/2018\/06\/15\/reges-interesse-am-neuen-standort-der-hauptverwaltung-auf-graf-bismarck\/"},"author":{"name":"Stoelting","@id":"https:\/\/www.stoelting-gruppe.de\/#\/schema\/person\/ad1ef2f20fb01278e1e630dd84768ff8"},"headline":"Reges Interesse am neuen Standort der Hauptverwaltung auf Graf Bismarck","datePublished":"2018-06-15T14:52:42+00:00","mainEntityOfPage":{"@id":"https:\/\/www.stoelting-gruppe.de\/2018\/06\/15\/reges-interesse-am-neuen-standort-der-hauptverwaltung-auf-graf-bismarck\/"},"wordCount":300,"publisher":{"@id":"https:\/\/www.stoelting-gruppe.de\/#organization"},"image":{"@id":"https:\/\/www.stoelting-gruppe.de\/2018\/06\/15\/reges-interesse-am-neuen-standort-der-hauptverwaltung-auf-graf-bismarck\/#primaryimage"},"thumbnailUrl":"https:\/\/www.stoelting-gruppe.de\/wp-content\/uploads\/2018\/06\/ORG_DSC03947.jpg","articleSection":["Aktuelles"],"inLanguage":"es"},{"@type":"WebPage","@id":"https:\/\/www.stoelting-gruppe.de\/2018\/06\/15\/reges-interesse-am-neuen-standort-der-hauptverwaltung-auf-graf-bismarck\/","url":"https:\/\/www.stoelting-gruppe.de\/2018\/06\/15\/reges-interesse-am-neuen-standort-der-hauptverwaltung-auf-graf-bismarck\/","name":"St\u00f6lting Service Group &#8211; Reges Interesse am neuen Standort der Hauptverwaltung auf Graf Bismarck","isPartOf":{"@id":"https:\/\/www.stoelting-gruppe.de\/#website"},"primaryImageOfPage":{"@id":"https:\/\/www.stoelting-gruppe.de\/2018\/06\/15\/reges-interesse-am-neuen-standort-der-hauptverwaltung-auf-graf-bismarck\/#primaryimage"},"image":{"@id":"https:\/\/www.stoelting-gruppe.de\/2018\/06\/15\/reges-interesse-am-neuen-standort-der-hauptverwaltung-auf-graf-bismarck\/#primaryimage"},"thumbnailUrl":"https:\/\/www.stoelting-gruppe.de\/wp-content\/uploads\/2018\/06\/ORG_DSC03947.jpg","datePublished":"2018-06-15T14:52:42+00:00","breadcrumb":{"@id":"https:\/\/www.stoelting-gruppe.de\/2018\/06\/15\/reges-interesse-am-neuen-standort-der-hauptverwaltung-auf-graf-bismarck\/#breadcrumb"},"inLanguage":"es","potentialAction":[{"@type":"ReadAction","target":["https:\/\/www.stoelting-gruppe.de\/2018\/06\/15\/reges-interesse-am-neuen-standort-der-hauptverwaltung-auf-graf-bismarck\/"]}]},{"@type":"ImageObject","inLanguage":"es","@id":"https:\/\/www.stoelting-gruppe.de\/2018\/06\/15\/reges-interesse-am-neuen-standort-der-hauptverwaltung-auf-graf-bismarck\/#primaryimage","url":"https:\/\/www.stoelting-gruppe.de\/wp-content\/uploads\/2018\/06\/ORG_DSC03947.jpg","contentUrl":"https:\/\/www.stoelting-gruppe.de\/wp-content\/uploads\/2018\/06\/ORG_DSC03947.jpg","width":3976,"height":2652},{"@type":"BreadcrumbList","@id":"https:\/\/www.stoelting-gruppe.de\/2018\/06\/15\/reges-interesse-am-neuen-standort-der-hauptverwaltung-auf-graf-bismarck\/#breadcrumb","itemListElement":[{"@type":"ListItem","position":1,"name":"Startseite","item":"https:\/\/www.stoelting-gruppe.de\/"},{"@type":"ListItem","position":2,"name":"Reges Interesse am neuen Standort der Hauptverwaltung auf Graf Bismarck"}]},{"@type":"WebSite","@id":"https:\/\/www.stoelting-gruppe.de\/#website","url":"https:\/\/www.stoelting-gruppe.de\/","name":"Grupo de servicios St\u00f6lting","description":"Nosotros lo hacemos. Desde hace 125 a\u00f1os. Limpieza, seguridad, personal.","publisher":{"@id":"https:\/\/www.stoelting-gruppe.de\/#organization"},"potentialAction":[{"@type":"SearchAction","target":{"@type":"EntryPoint","urlTemplate":"https:\/\/www.stoelting-gruppe.de\/?s={search_term_string}"},"query-input":{"@type":"PropertyValueSpecification","valueRequired":true,"valueName":"search_term_string"}}],"inLanguage":"es"},{"@type":"Organization","@id":"https:\/\/www.stoelting-gruppe.de\/#organization","name":"Grupo de servicios St\u00f6lting","url":"https:\/\/www.stoelting-gruppe.de\/","logo":{"@type":"ImageObject","inLanguage":"es","@id":"https:\/\/www.stoelting-gruppe.de\/#\/schema\/logo\/image\/","url":"https:\/\/www.stoelting-gruppe.de\/wp-content\/uploads\/2020\/12\/SSG-Logo.svg","contentUrl":"https:\/\/www.stoelting-gruppe.de\/wp-content\/uploads\/2020\/12\/SSG-Logo.svg","width":426,"height":80,"caption":"St\u00f6lting Service Group"},"image":{"@id":"https:\/\/www.stoelting-gruppe.de\/#\/schema\/logo\/image\/"},"sameAs":["https:\/\/www.facebook.com\/StoeltingServiceGroup"]},{"@type":"Person","@id":"https:\/\/www.stoelting-gruppe.de\/#\/schema\/person\/ad1ef2f20fb01278e1e630dd84768ff8","name":"Stoelting"}]}},"_links":{"self":[{"href":"https:\/\/www.stoelting-gruppe.de\/es\/wp-json\/wp\/v2\/posts\/1703","targetHints":{"allow":["GET"]}}],"collection":[{"href":"https:\/\/www.stoelting-gruppe.de\/es\/wp-json\/wp\/v2\/posts"}],"about":[{"href":"https:\/\/www.stoelting-gruppe.de\/es\/wp-json\/wp\/v2\/types\/post"}],"author":[{"embeddable":true,"href":"https:\/\/www.stoelting-gruppe.de\/es\/wp-json\/wp\/v2\/users\/10"}],"replies":[{"embeddable":true,"href":"https:\/\/www.stoelting-gruppe.de\/es\/wp-json\/wp\/v2\/comments?post=1703"}],"version-history":[{"count":0,"href":"https:\/\/www.stoelting-gruppe.de\/es\/wp-json\/wp\/v2\/posts\/1703\/revisions"}],"wp:featuredmedia":[{"embeddable":true,"href":"https:\/\/www.stoelting-gruppe.de\/es\/wp-json\/wp\/v2\/media\/1701"}],"wp:attachment":[{"href":"https:\/\/www.stoelting-gruppe.de\/es\/wp-json\/wp\/v2\/media?parent=1703"}],"wp:term":[{"taxonomy":"category","embeddable":true,"href":"https:\/\/www.stoelting-gruppe.de\/es\/wp-json\/wp\/v2\/categories?post=1703"},{"taxonomy":"post_tag","embeddable":true,"href":"https:\/\/www.stoelting-gruppe.de\/es\/wp-json\/wp\/v2\/tags?post=1703"}],"curies":[{"name":"wp","href":"https:\/\/api.w.org\/{rel}","templated":true}]}}